{"id":6308,"date":"2025-12-04T10:59:41","date_gmt":"2025-12-04T09:59:41","guid":{"rendered":"https:\/\/carlesmiro.com\/wristbands-for-the-24-horas-tt-and-4-horas-ssv-acp\/"},"modified":"2025-12-04T13:17:45","modified_gmt":"2025-12-04T12:17:45","slug":"wristbands-for-the-24-horas-tt-and-4-horas-ssv-acp","status":"publish","type":"post","link":"https:\/\/carlesmiro.com\/es\/wristbands-for-the-24-horas-tt-and-4-horas-ssv-acp\/","title":{"rendered":"Pulseras de las 24 Horas TT y 4 Horas SSV ACP"},"content":{"rendered":"\r\n<p data-start=\"1203\" data-end=\"1415\">Una vez m\u00e1s, hemos vuelto a colaborar con el <strong data-start=\"1248\" data-end=\"1279\">Automovel Clube de Portugal<\/strong>, preparando las pulseras de las <strong data-start=\"1312\" data-end=\"1327\">24 Horas TT<\/strong> (4\u20137 diciembre 2025) y las <strong data-start=\"1355\" data-end=\"1388\">4 Horas SSV Vila de Fronteira<\/strong> (5\u20136 diciembre 2025).\u00a0<\/p>\r\n<p data-start=\"1417\" data-end=\"1816\">Las <strong data-start=\"1421\" data-end=\"1436\">24 Horas TT<\/strong> son una de las carreras de resistencia off-road m\u00e1s conocidas de Portugal, donde pilotos y equipos compiten durante 24 horas seguidas en circuitos llenos de barro, obst\u00e1culos naturales y mucha adrenalina. Las <strong data-start=\"1646\" data-end=\"1661\">4 Horas SSV<\/strong> son una competici\u00f3n similar, pero con veh\u00edculos SSV (Side by Side Vehicles), una modalidad que combina velocidad y maniobrabilidad en terrenos t\u00e9cnicos.<\/p>\r\n<p data-start=\"1818\" data-end=\"2078\">Nos encanta formar parte de esta aventura desde detr\u00e1s, preparando pulseras y otros detalles para que todo est\u00e9 listo para los pilotos y espectadores. Es un orgullo poder contribuir a que estos eventos tan emblem\u00e1ticos se desarrollen con total normalidad.\u00a0<\/p>\r\n<p data-start=\"1818\" data-end=\"2078\">\u00a0<\/p>\r\n\r\n\r\n\r\n<p>#CarlesMiro #Branding #Pulseras #AutomovelClubdePortugal #Dise\u00f1o #Producci\u00f3n #Eventos #MotorSport #AdventureDesign #EventBranding #OutdoorDesign #CorporateBranding #Calidad #Esp\u00edrituDeEquipo #24HorasTT #Fronteira #SSV #TT #BackstageTeam #Acreditaciones #ACP<\/p>\r\n","protected":false},"excerpt":{"rendered":"<p>Una vez m\u00e1s, hemos vuelto a colaborar con el Automovel Clube de Portugal, preparando las pulseras de las 24 Horas TT (4\u20137 diciembre 2025) y las 4 Horas SSV Vila&#8230;<\/p>\n","protected":false},"author":1,"featured_media":6305,"comment_status":"closed","ping_status":"closed","sticky":false,"template":"","format":"standard","meta":{"footnotes":""},"categories":[94,96,231,223],"tags":[],"class_list":{"0":"post-6308","1":"post","2":"type-post","3":"status-publish","4":"format-standard","5":"has-post-thumbnail","7":"category-news-es","8":"category-products-es","9":"category-pulseras","10":"category-rally-es"},"_links":{"self":[{"href":"https:\/\/carlesmiro.com\/es\/wp-json\/wp\/v2\/posts\/6308","targetHints":{"allow":["GET"]}}],"collection":[{"href":"https:\/\/carlesmiro.com\/es\/wp-json\/wp\/v2\/posts"}],"about":[{"href":"https:\/\/carlesmiro.com\/es\/wp-json\/wp\/v2\/types\/post"}],"author":[{"embeddable":true,"href":"https:\/\/carlesmiro.com\/es\/wp-json\/wp\/v2\/users\/1"}],"replies":[{"embeddable":true,"href":"https:\/\/carlesmiro.com\/es\/wp-json\/wp\/v2\/comments?post=6308"}],"version-history":[{"count":3,"href":"https:\/\/carlesmiro.com\/es\/wp-json\/wp\/v2\/posts\/6308\/revisions"}],"predecessor-version":[{"id":6319,"href":"https:\/\/carlesmiro.com\/es\/wp-json\/wp\/v2\/posts\/6308\/revisions\/6319"}],"wp:featuredmedia":[{"embeddable":true,"href":"https:\/\/carlesmiro.com\/es\/wp-json\/wp\/v2\/media\/6305"}],"wp:attachment":[{"href":"https:\/\/carlesmiro.com\/es\/wp-json\/wp\/v2\/media?parent=6308"}],"wp:term":[{"taxonomy":"category","embeddable":true,"href":"https:\/\/carlesmiro.com\/es\/wp-json\/wp\/v2\/categories?post=6308"},{"taxonomy":"post_tag","embeddable":true,"href":"https:\/\/carlesmiro.com\/es\/wp-json\/wp\/v2\/tags?post=6308"}],"curies":[{"name":"wp","href":"https:\/\/api.w.org\/{rel}","templated":true}]}}